{"id":7365,"date":"2023-06-05T14:49:44","date_gmt":"2023-06-05T19:49:44","guid":{"rendered":"https:\/\/boldhispanic.marketing\/?p=7365"},"modified":"2025-05-29T14:55:16","modified_gmt":"2025-05-29T14:55:16","slug":"es-la-diversidad-la-clave-de-la-creatividad","status":"publish","type":"post","link":"https:\/\/boldhispanic.marketing\/newsite\/es\/es-la-diversidad-la-clave-de-la-creatividad\/","title":{"rendered":"\u00bfEs la diversidad la clave de la creatividad?"},"content":{"rendered":"<p>[vc_row][vc_column][vc_column_text css=&#8221;.vc_custom_1674054124901{margin-bottom: 0px !important;}&#8221;]<\/p>\n<p><span style=\"font-weight: 400;\">Si te has llegado a preguntar qu\u00e9 relaci\u00f3n tiene la diversidad con el \u00e1mbito empresarial, has llegado al art\u00edculo correcto. Y es que no solo est\u00e1n muy ligados, sino que poseer equipos diversos aporta muchos beneficios a tu compa\u00f1\u00eda.<\/span><\/p>\n<p><span style=\"font-weight: 400;\">Al hablar de diversidad hay que pensar en todo lo que ello implica, es decir, la variedad cultural, de raza, de g\u00e9nero, de edades, etc. Adem\u00e1s, y gracias a la globalizaci\u00f3n y las nuevas tecnolog\u00edas, la diversidad cultural es un hecho en much\u00edsimas empresas que han adoptado el trabajo remoto.<\/span><\/p>\n<p><span style=\"font-weight: 400;\">Y lo m\u00e1s importante de todo es que esa diversidad ofrece grandes beneficios. <\/span><b>\u201c\u00a1La diversidad atrae la creatividad!\u201d<\/b><\/p>\n<p><span style=\"font-weight: 400;\"><img fetchpriority=\"high\" decoding=\"async\" class=\"aligncenter wp-image-7370 size-large\" src=\"https:\/\/boldhispanic.marketing\/wp-content\/uploads\/2023\/06\/Diversity-and-Business-World-BOLD-1024x576.png\" alt=\"\" width=\"1024\" height=\"576\" \/><\/span><\/p>\n<h3><b>Creatividad e innovaci\u00f3n<\/b><\/h3>\n<p><span style=\"font-weight: 400;\">Un equipo con distintas formas de ver el mundo, variedad de opiniones e ideas, aportan valor al proceso creativo y a la innovaci\u00f3n. Esto va unido tambi\u00e9n a la mejora de tomas de decisiones y a las m\u00faltiples alternativas que se pueden obtener para resolver una situaci\u00f3n o llevar a cabo un proyecto.\u00a0<\/span><\/p>\n<h3><b>Apertura a nuevos mercados<\/b><\/h3>\n<p><span style=\"font-weight: 400;\">Hay mayor oportunidad de alcanzar nuevos mercados; as\u00ed como conectar de manera m\u00e1s efectiva a un p\u00fablico en concreto. Una plantilla variada puede significar tener a alguien que entienda (y sea parte) de un nicho de mercado al que quieras llegar.<\/span><\/p>\n<h3><b>Impulsar el desarrollo social<\/b><\/h3>\n<p><span style=\"font-weight: 400;\">Promover la diversidad y la inclusi\u00f3n no solo es una estrategia positiva para la empresa, sino que impulsa la tolerancia, el respeto, la igualdad, la justicia, valora el talento humano y crea una conciencia colectiva que beneficia a la sociedad. Ayuda tambi\u00e9n a los colectivos m\u00e1s vulnerables, ofreci\u00e9ndoles las mismas oportunidades de empleo, promoci\u00f3n y trabajo.\u00a0<\/span><\/p>\n<h3><b>\u00bfC\u00f3mo promover la diversidad en tu empresa?<\/b><\/h3>\n<h5><b>\u201cEscucha, aprende, act\u00faa. Ese es el lema que segu\u00ed para convertir mi negocio en lo que es hoy.\u201d<\/b><\/h5>\n<p><span style=\"font-weight: 400;\">Existen muchas formas para hacer de tu empresa un lugar de trabajo diverso y una marca que sea concebida como diversa. Algunos de estos consejos podr\u00edan ayudarte:<\/span><\/p>\n<ul>\n<li style=\"font-weight: 400;\" aria-level=\"1\"><span style=\"font-weight: 400;\">Implementar una pol\u00edtica diversa, donde el respeto, la igualdad y la inclusi\u00f3n formen parte de tu manual de cultura.<\/span><\/li>\n<li style=\"font-weight: 400;\" aria-level=\"1\"><span style=\"font-weight: 400;\">A la hora de contratar, fijarte m\u00e1s en la experiencia, el talento, las habilidades, el conocimiento, la persona en s\u00ed, y no en su pa\u00eds de origen, orientaci\u00f3n sexual, raza, etc.\u00a0<\/span><\/li>\n<li style=\"font-weight: 400;\" aria-level=\"1\"><span style=\"font-weight: 400;\">Asegura el bienestar y la integridad de todos tus trabajadores.<\/span><\/li>\n<li style=\"font-weight: 400;\" aria-level=\"1\"><span style=\"font-weight: 400;\">Crea un c\u00f3digo de conducta, proporciona herramientas y escucha siempre a tus empleados.<\/span><\/li>\n<li style=\"font-weight: 400;\" aria-level=\"1\"><span style=\"font-weight: 400;\">Realiza actividades de equipo para reforzar el compa\u00f1erismo, la confianza y el intercambio de ideas.<\/span><\/li>\n<\/ul>\n<p><img decoding=\"async\" class=\"aligncenter wp-image-7371 size-large\" src=\"https:\/\/boldhispanic.marketing\/wp-content\/uploads\/2023\/06\/BLOG-BOLD-1024x576.png\" alt=\"\" width=\"1024\" height=\"576\" \/><\/p>\n<p><span style=\"font-weight: 400;\">La diversidad tiene que ver con la equidad y la inclusi\u00f3n, independientemente de las condiciones de las personas. Fomentar la igualdad entre todos y todas ayuda al respeto y la colaboraci\u00f3n, adem\u00e1s de generar un buen ambiente de trabajo, donde todos se sientan representados.<\/span><\/p>\n<p><span style=\"font-weight: 400;\">Una empresa con acciones de diversidad es un gran aporte en cuanto a materia social. Te invitamos a ser parte del cambio y trabajar por la igualdad y el respeto de todos y todas.<\/span><\/p>\n<h3><b>\u00bfC\u00f3mo podemos ayudarte?<\/b><\/h3>\n<p><span style=\"font-weight: 400;\">Gracias a nuestra gran combinaci\u00f3n de especialistas comprometidos y talentosos de diferentes or\u00edgenes y experiencias que aportan creatividad, profesionalismo y empat\u00eda en todo lo que hacen, brindamos servicios digitales innovadores y \u00fanicos; adem\u00e1s de estrategias de marketing con enfoque cultural para conectar a nuestros clientes con el mercado hispano.<\/span><\/p>\n<p><b>Hace un a\u00f1o BOLD obtuvo el reconocimiento de OBJ\u2019s 2022 Diversity in Business Awards<\/b> <span style=\"font-weight: 400;\">por ser una empresa que cuenta con un equipo de profesionales de distintas partes del mundo, alentando as\u00ed la multiculturalidad y diversidad.<\/span><\/p>\n<h4><span style=\"color: #fbb64f;\"><a style=\"color: #fbb64f;\" href=\"https:\/\/boldhispanic.marketing\/es\/about_bold\/\"><span style=\"font-weight: 400;\">Descubre m\u00e1s de nuestra cultura<\/span><\/a><\/span><\/h4>\n<p>[\/vc_column_text][vlt_spacer height=&#8221;32px&#8221;][\/vc_column][\/vc_row][vc_row][vc_column][templatera id=&#8221;1546&#8243;][\/vc_column][\/vc_row]<\/p>\n","protected":false},"excerpt":{"rendered":"<p>[vc_row][vc_column][vc_column_text css=&#8221;.vc_custom_1674054124901{margin-bottom: 0px !important;}&#8221;] Si te has llegado a preguntar qu\u00e9 relaci\u00f3n tiene la diversidad con el \u00e1mbito empresarial, has llegado al art\u00edculo correcto. [&hellip;]<\/p>\n","protected":false},"author":2,"featured_media":7371,"comment_status":"closed","ping_status":"closed","sticky":false,"template":"elementor_theme","format":"gallery","meta":{"_acf_changed":false,"footnotes":""},"categories":[150],"tags":[],"class_list":["post-7365","post","type-post","status-publish","format-gallery","has-post-thumbnail","hentry","category-bold-es","post_format-post-format-gallery"],"acf":[],"yoast_head":"<!-- This site is optimized with the Yoast SEO plugin v25.2 - https:\/\/yoast.com\/wordpress\/plugins\/seo\/ -->\n<title>\u00bfEs la diversidad la clave de la creatividad? - BOLD Hispanic Marketing Agency<\/title>\n<meta name=\"description\" content=\"Si te has llegado a preguntar qu\u00e9 relaci\u00f3n tiene la diversidad con el \u00e1mbito empresarial, has llegado al art\u00edculo correcto. Y es que no solo est\u00e1n muy ligados, sino que poseer equipos diversos aporta muchos beneficios a tu compa\u00f1\u00eda.\" \/>\n<meta name=\"robots\" content=\"index, follow, max-snippet:-1, max-image-preview:large, max-video-preview:-1\" \/>\n<link rel=\"canonical\" href=\"https:\/\/boldhispanic.marketing\/es-la-diversidad-la-clave-de-la-creatividad\/\" \/>\n<meta property=\"og:locale\" content=\"en_US\" \/>\n<meta property=\"og:type\" content=\"article\" \/>\n<meta property=\"og:title\" content=\"\u00bfEs la diversidad la clave de la creatividad? - BOLD Hispanic Marketing Agency\" \/>\n<meta property=\"og:description\" content=\"Si te has llegado a preguntar qu\u00e9 relaci\u00f3n tiene la diversidad con el \u00e1mbito empresarial, has llegado al art\u00edculo correcto. Y es que no solo est\u00e1n muy ligados, sino que poseer equipos diversos aporta muchos beneficios a tu compa\u00f1\u00eda.\" \/>\n<meta property=\"og:url\" content=\"https:\/\/boldhispanic.marketing\/es-la-diversidad-la-clave-de-la-creatividad\/\" \/>\n<meta property=\"og:site_name\" content=\"BOLD Hispanic Marketing Agency\" \/>\n<meta property=\"article:published_time\" content=\"2023-06-05T19:49:44+00:00\" \/>\n<meta property=\"article:modified_time\" content=\"2025-05-29T14:55:16+00:00\" \/>\n<meta name=\"author\" content=\"webmaster\" \/>\n<meta name=\"twitter:card\" content=\"summary_large_image\" \/>\n<meta name=\"twitter:label1\" content=\"Written by\" \/>\n\t<meta name=\"twitter:data1\" content=\"webmaster\" \/>\n\t<meta name=\"twitter:label2\" content=\"Est. reading time\" \/>\n\t<meta name=\"twitter:data2\" content=\"3 minutes\" \/>\n<script type=\"application\/ld+json\" class=\"yoast-schema-graph\">{\"@context\":\"https:\/\/schema.org\",\"@graph\":[{\"@type\":\"Article\",\"@id\":\"https:\/\/boldhispanic.marketing\/es-la-diversidad-la-clave-de-la-creatividad\/#article\",\"isPartOf\":{\"@id\":\"https:\/\/boldhispanic.marketing\/newsite\/es\/es-la-diversidad-la-clave-de-la-creatividad\/\"},\"author\":{\"name\":\"webmaster\",\"@id\":\"https:\/\/boldhispanic.marketing\/newsite\/#\/schema\/person\/dd986470602ade4b87fda2fc9277575a\"},\"headline\":\"\u00bfEs la diversidad la clave de la creatividad?\",\"datePublished\":\"2023-06-05T19:49:44+00:00\",\"dateModified\":\"2025-05-29T14:55:16+00:00\",\"mainEntityOfPage\":{\"@id\":\"https:\/\/boldhispanic.marketing\/newsite\/es\/es-la-diversidad-la-clave-de-la-creatividad\/\"},\"wordCount\":663,\"publisher\":{\"@id\":\"https:\/\/boldhispanic.marketing\/newsite\/#organization\"},\"image\":{\"@id\":\"https:\/\/boldhispanic.marketing\/es-la-diversidad-la-clave-de-la-creatividad\/#primaryimage\"},\"thumbnailUrl\":\"\",\"articleSection\":[\"Bold\"],\"inLanguage\":\"en-US\"},{\"@type\":\"WebPage\",\"@id\":\"https:\/\/boldhispanic.marketing\/newsite\/es\/es-la-diversidad-la-clave-de-la-creatividad\/\",\"url\":\"https:\/\/boldhispanic.marketing\/es-la-diversidad-la-clave-de-la-creatividad\/\",\"name\":\"\u00bfEs la diversidad la clave de la creatividad? - BOLD Hispanic Marketing Agency\",\"isPartOf\":{\"@id\":\"https:\/\/boldhispanic.marketing\/newsite\/#website\"},\"primaryImageOfPage\":{\"@id\":\"https:\/\/boldhispanic.marketing\/es-la-diversidad-la-clave-de-la-creatividad\/#primaryimage\"},\"image\":{\"@id\":\"https:\/\/boldhispanic.marketing\/es-la-diversidad-la-clave-de-la-creatividad\/#primaryimage\"},\"thumbnailUrl\":\"\",\"datePublished\":\"2023-06-05T19:49:44+00:00\",\"dateModified\":\"2025-05-29T14:55:16+00:00\",\"description\":\"Si te has llegado a preguntar qu\u00e9 relaci\u00f3n tiene la diversidad con el \u00e1mbito empresarial, has llegado al art\u00edculo correcto. Y es que no solo est\u00e1n muy ligados, sino que poseer equipos diversos aporta muchos beneficios a tu compa\u00f1\u00eda.\",\"breadcrumb\":{\"@id\":\"https:\/\/boldhispanic.marketing\/es-la-diversidad-la-clave-de-la-creatividad\/#breadcrumb\"},\"inLanguage\":\"en-US\",\"potentialAction\":[{\"@type\":\"ReadAction\",\"target\":[\"https:\/\/boldhispanic.marketing\/es-la-diversidad-la-clave-de-la-creatividad\/\"]}]},{\"@type\":\"ImageObject\",\"inLanguage\":\"en-US\",\"@id\":\"https:\/\/boldhispanic.marketing\/es-la-diversidad-la-clave-de-la-creatividad\/#primaryimage\",\"url\":\"\",\"contentUrl\":\"\"},{\"@type\":\"BreadcrumbList\",\"@id\":\"https:\/\/boldhispanic.marketing\/es-la-diversidad-la-clave-de-la-creatividad\/#breadcrumb\",\"itemListElement\":[{\"@type\":\"ListItem\",\"position\":1,\"name\":\"Home\",\"item\":\"https:\/\/boldhispanic.marketing\/newsite\/\"},{\"@type\":\"ListItem\",\"position\":2,\"name\":\"\u00bfEs la diversidad la clave de la creatividad?\"}]},{\"@type\":\"WebSite\",\"@id\":\"https:\/\/boldhispanic.marketing\/newsite\/#website\",\"url\":\"https:\/\/boldhispanic.marketing\/newsite\/\",\"name\":\"BOLD Hispanic Marketing Agency\",\"description\":\"\",\"publisher\":{\"@id\":\"https:\/\/boldhispanic.marketing\/newsite\/#organization\"},\"potentialAction\":[{\"@type\":\"SearchAction\",\"target\":{\"@type\":\"EntryPoint\",\"urlTemplate\":\"https:\/\/boldhispanic.marketing\/newsite\/?s={search_term_string}\"},\"query-input\":{\"@type\":\"PropertyValueSpecification\",\"valueRequired\":true,\"valueName\":\"search_term_string\"}}],\"inLanguage\":\"en-US\"},{\"@type\":\"Organization\",\"@id\":\"https:\/\/boldhispanic.marketing\/newsite\/#organization\",\"name\":\"BOLD Hispanic Marketing Agency\",\"url\":\"https:\/\/boldhispanic.marketing\/newsite\/\",\"logo\":{\"@type\":\"ImageObject\",\"inLanguage\":\"en-US\",\"@id\":\"https:\/\/boldhispanic.marketing\/newsite\/#\/schema\/logo\/image\/\",\"url\":\"https:\/\/boldhispanic.marketing\/newsite\/wp-content\/uploads\/2024\/06\/cropped-BOLD-Digital-Hispanic-Marketing-Agency-ORIGINAL-COLORS.png\",\"contentUrl\":\"https:\/\/boldhispanic.marketing\/newsite\/wp-content\/uploads\/2024\/06\/cropped-BOLD-Digital-Hispanic-Marketing-Agency-ORIGINAL-COLORS.png\",\"width\":3054,\"height\":872,\"caption\":\"BOLD Hispanic Marketing Agency\"},\"image\":{\"@id\":\"https:\/\/boldhispanic.marketing\/newsite\/#\/schema\/logo\/image\/\"}},{\"@type\":\"Person\",\"@id\":\"https:\/\/boldhispanic.marketing\/newsite\/#\/schema\/person\/dd986470602ade4b87fda2fc9277575a\",\"name\":\"webmaster\",\"url\":\"https:\/\/boldhispanic.marketing\/newsite\/author\/webmaster\/\"}]}<\/script>\n<!-- \/ Yoast SEO plugin. -->","yoast_head_json":{"title":"\u00bfEs la diversidad la clave de la creatividad? - BOLD Hispanic Marketing Agency","description":"Si te has llegado a preguntar qu\u00e9 relaci\u00f3n tiene la diversidad con el \u00e1mbito empresarial, has llegado al art\u00edculo correcto. Y es que no solo est\u00e1n muy ligados, sino que poseer equipos diversos aporta muchos beneficios a tu compa\u00f1\u00eda.","robots":{"index":"index","follow":"follow","max-snippet":"max-snippet:-1","max-image-preview":"max-image-preview:large","max-video-preview":"max-video-preview:-1"},"canonical":"https:\/\/boldhispanic.marketing\/es-la-diversidad-la-clave-de-la-creatividad\/","og_locale":"en_US","og_type":"article","og_title":"\u00bfEs la diversidad la clave de la creatividad? - BOLD Hispanic Marketing Agency","og_description":"Si te has llegado a preguntar qu\u00e9 relaci\u00f3n tiene la diversidad con el \u00e1mbito empresarial, has llegado al art\u00edculo correcto. Y es que no solo est\u00e1n muy ligados, sino que poseer equipos diversos aporta muchos beneficios a tu compa\u00f1\u00eda.","og_url":"https:\/\/boldhispanic.marketing\/es-la-diversidad-la-clave-de-la-creatividad\/","og_site_name":"BOLD Hispanic Marketing Agency","article_published_time":"2023-06-05T19:49:44+00:00","article_modified_time":"2025-05-29T14:55:16+00:00","author":"webmaster","twitter_card":"summary_large_image","twitter_misc":{"Written by":"webmaster","Est. reading time":"3 minutes"},"schema":{"@context":"https:\/\/schema.org","@graph":[{"@type":"Article","@id":"https:\/\/boldhispanic.marketing\/es-la-diversidad-la-clave-de-la-creatividad\/#article","isPartOf":{"@id":"https:\/\/boldhispanic.marketing\/newsite\/es\/es-la-diversidad-la-clave-de-la-creatividad\/"},"author":{"name":"webmaster","@id":"https:\/\/boldhispanic.marketing\/newsite\/#\/schema\/person\/dd986470602ade4b87fda2fc9277575a"},"headline":"\u00bfEs la diversidad la clave de la creatividad?","datePublished":"2023-06-05T19:49:44+00:00","dateModified":"2025-05-29T14:55:16+00:00","mainEntityOfPage":{"@id":"https:\/\/boldhispanic.marketing\/newsite\/es\/es-la-diversidad-la-clave-de-la-creatividad\/"},"wordCount":663,"publisher":{"@id":"https:\/\/boldhispanic.marketing\/newsite\/#organization"},"image":{"@id":"https:\/\/boldhispanic.marketing\/es-la-diversidad-la-clave-de-la-creatividad\/#primaryimage"},"thumbnailUrl":"","articleSection":["Bold"],"inLanguage":"en-US"},{"@type":"WebPage","@id":"https:\/\/boldhispanic.marketing\/newsite\/es\/es-la-diversidad-la-clave-de-la-creatividad\/","url":"https:\/\/boldhispanic.marketing\/es-la-diversidad-la-clave-de-la-creatividad\/","name":"\u00bfEs la diversidad la clave de la creatividad? - BOLD Hispanic Marketing Agency","isPartOf":{"@id":"https:\/\/boldhispanic.marketing\/newsite\/#website"},"primaryImageOfPage":{"@id":"https:\/\/boldhispanic.marketing\/es-la-diversidad-la-clave-de-la-creatividad\/#primaryimage"},"image":{"@id":"https:\/\/boldhispanic.marketing\/es-la-diversidad-la-clave-de-la-creatividad\/#primaryimage"},"thumbnailUrl":"","datePublished":"2023-06-05T19:49:44+00:00","dateModified":"2025-05-29T14:55:16+00:00","description":"Si te has llegado a preguntar qu\u00e9 relaci\u00f3n tiene la diversidad con el \u00e1mbito empresarial, has llegado al art\u00edculo correcto. Y es que no solo est\u00e1n muy ligados, sino que poseer equipos diversos aporta muchos beneficios a tu compa\u00f1\u00eda.","breadcrumb":{"@id":"https:\/\/boldhispanic.marketing\/es-la-diversidad-la-clave-de-la-creatividad\/#breadcrumb"},"inLanguage":"en-US","potentialAction":[{"@type":"ReadAction","target":["https:\/\/boldhispanic.marketing\/es-la-diversidad-la-clave-de-la-creatividad\/"]}]},{"@type":"ImageObject","inLanguage":"en-US","@id":"https:\/\/boldhispanic.marketing\/es-la-diversidad-la-clave-de-la-creatividad\/#primaryimage","url":"","contentUrl":""},{"@type":"BreadcrumbList","@id":"https:\/\/boldhispanic.marketing\/es-la-diversidad-la-clave-de-la-creatividad\/#breadcrumb","itemListElement":[{"@type":"ListItem","position":1,"name":"Home","item":"https:\/\/boldhispanic.marketing\/newsite\/"},{"@type":"ListItem","position":2,"name":"\u00bfEs la diversidad la clave de la creatividad?"}]},{"@type":"WebSite","@id":"https:\/\/boldhispanic.marketing\/newsite\/#website","url":"https:\/\/boldhispanic.marketing\/newsite\/","name":"BOLD Hispanic Marketing Agency","description":"","publisher":{"@id":"https:\/\/boldhispanic.marketing\/newsite\/#organization"},"potentialAction":[{"@type":"SearchAction","target":{"@type":"EntryPoint","urlTemplate":"https:\/\/boldhispanic.marketing\/newsite\/?s={search_term_string}"},"query-input":{"@type":"PropertyValueSpecification","valueRequired":true,"valueName":"search_term_string"}}],"inLanguage":"en-US"},{"@type":"Organization","@id":"https:\/\/boldhispanic.marketing\/newsite\/#organization","name":"BOLD Hispanic Marketing Agency","url":"https:\/\/boldhispanic.marketing\/newsite\/","logo":{"@type":"ImageObject","inLanguage":"en-US","@id":"https:\/\/boldhispanic.marketing\/newsite\/#\/schema\/logo\/image\/","url":"https:\/\/boldhispanic.marketing\/newsite\/wp-content\/uploads\/2024\/06\/cropped-BOLD-Digital-Hispanic-Marketing-Agency-ORIGINAL-COLORS.png","contentUrl":"https:\/\/boldhispanic.marketing\/newsite\/wp-content\/uploads\/2024\/06\/cropped-BOLD-Digital-Hispanic-Marketing-Agency-ORIGINAL-COLORS.png","width":3054,"height":872,"caption":"BOLD Hispanic Marketing Agency"},"image":{"@id":"https:\/\/boldhispanic.marketing\/newsite\/#\/schema\/logo\/image\/"}},{"@type":"Person","@id":"https:\/\/boldhispanic.marketing\/newsite\/#\/schema\/person\/dd986470602ade4b87fda2fc9277575a","name":"webmaster","url":"https:\/\/boldhispanic.marketing\/newsite\/author\/webmaster\/"}]}},"_links":{"self":[{"href":"https:\/\/boldhispanic.marketing\/newsite\/wp-json\/wp\/v2\/posts\/7365","targetHints":{"allow":["GET"]}}],"collection":[{"href":"https:\/\/boldhispanic.marketing\/newsite\/wp-json\/wp\/v2\/posts"}],"about":[{"href":"https:\/\/boldhispanic.marketing\/newsite\/wp-json\/wp\/v2\/types\/post"}],"author":[{"embeddable":true,"href":"https:\/\/boldhispanic.marketing\/newsite\/wp-json\/wp\/v2\/users\/2"}],"replies":[{"embeddable":true,"href":"https:\/\/boldhispanic.marketing\/newsite\/wp-json\/wp\/v2\/comments?post=7365"}],"version-history":[{"count":1,"href":"https:\/\/boldhispanic.marketing\/newsite\/wp-json\/wp\/v2\/posts\/7365\/revisions"}],"predecessor-version":[{"id":12166,"href":"https:\/\/boldhispanic.marketing\/newsite\/wp-json\/wp\/v2\/posts\/7365\/revisions\/12166"}],"wp:featuredmedia":[{"embeddable":true,"href":"https:\/\/boldhispanic.marketing\/newsite\/wp-json\/"}],"wp:attachment":[{"href":"https:\/\/boldhispanic.marketing\/newsite\/wp-json\/wp\/v2\/media?parent=7365"}],"wp:term":[{"taxonomy":"category","embeddable":true,"href":"https:\/\/boldhispanic.marketing\/newsite\/wp-json\/wp\/v2\/categories?post=7365"},{"taxonomy":"post_tag","embeddable":true,"href":"https:\/\/boldhispanic.marketing\/newsite\/wp-json\/wp\/v2\/tags?post=7365"}],"curies":[{"name":"wp","href":"https:\/\/api.w.org\/{rel}","templated":true}]}}