{"id":5554,"date":"2022-06-13T08:07:22","date_gmt":"2022-06-13T13:07:22","guid":{"rendered":"https:\/\/boldhispanic.marketing\/?p=5554"},"modified":"2025-05-29T14:56:00","modified_gmt":"2025-05-29T14:56:00","slug":"bold-recibe-su-segundo-reconocimiento-este-ano-premio-a-la-diversidad-en-los-negocios-2022-del-orlando-business-journal","status":"publish","type":"post","link":"https:\/\/boldhispanic.marketing\/newsite\/bold-recibe-su-segundo-reconocimiento-este-ano-premio-a-la-diversidad-en-los-negocios-2022-del-orlando-business-journal\/","title":{"rendered":"BOLD RECIBE SU SEGUNDO RECONOCIMIENTO ESTE A\u00d1O &#8211; PREMIO A LA DIVERSIDAD EN LOS NEGOCIOS 2022 DEL ORLANDO BUSINESS JOURNAL"},"content":{"rendered":"<p>[vc_row][vc_column][vc_column_text css=&#8221;.vc_custom_1655231541358{margin-bottom: 0px !important;}&#8221;]El Orlando Business Journal reconoce a BOLD como uno de los 14 ganadores de los 2022 Diversity in Business Awards.<\/p>\n<p>El 9 de junio en The Alfond Inn, los representantes del Orlando Business Journal presentaron este importante premio a aquellos profesionales y empresas que dejan su huella en los negocios y la comunidad de la Florida Central.<\/p>\n<p>Este programa anual de premios honra a las empresas, organizaciones y l\u00edderes empresariales de Florida Central que han ido m\u00e1s all\u00e1 al adoptar la inclusi\u00f3n y la igualdad en todas las \u00e1reas de diversidad. Eso incluye edad, discapacidad, g\u00e9nero, orientaci\u00f3n sexual, raza y religi\u00f3n.<\/p>\n<p><span style=\"font-weight: 400;\"><img fetchpriority=\"high\" decoding=\"async\" class=\"aligncenter wp-image-5556 size-large\" src=\"https:\/\/boldhispanic.marketing\/wp-content\/uploads\/2022\/06\/4-1024x576.jpg\" alt=\"\" width=\"1024\" height=\"576\" \/><\/span><\/p>\n<p><span style=\"font-weight: 400;\"><a href=\"https:\/\/www.linkedin.com\/in\/anacarosalazar\/\">Ana Carolina<\/a> recibi\u00f3 este premio especial en compa\u00f1\u00eda de miembros del equipo de BOLD, familiares, amigos, clientes y socios comerciales. Los asistentes fueron:\u00a0<\/span><\/p>\n<p><a href=\"https:\/\/www.linkedin.com\/in\/juancarlossalazar1\/\"><span style=\"font-weight: 400;\">Juan Carlos Salazar<\/span><\/a><span style=\"font-weight: 400;\">, el pap\u00e1 de Ana, y su apoyo incondicional.\u00a0<\/span><\/p>\n<p><a href=\"https:\/\/www.linkedin.com\/in\/siling-rea-469a2b53\/\"><span style=\"font-weight: 400;\">Siling Rea<\/span><\/a><span style=\"font-weight: 400;\">, Creative Director de BOLD Digital Marketing Studio.<\/span><\/p>\n<p><a href=\"https:\/\/www.linkedin.com\/in\/ashley-blasewitz-apr-55bb987\/\"><span style=\"font-weight: 400;\">Ashley Blasewitz<\/span><\/a><span style=\"font-weight: 400;\">, Vice President of Marketing &amp; Communications for Heart of Florida <\/span><a href=\"https:\/\/www.unitedway.org\/\"><span style=\"font-weight: 400;\">United Way<\/span><\/a><span style=\"font-weight: 400;\">.\u00a0<\/span><\/p>\n<p><a href=\"https:\/\/www.linkedin.com\/in\/rebecca-blandon-4a180410b\/\"><span style=\"font-weight: 400;\">Rebecca Blandon<\/span><\/a><span style=\"font-weight: 400;\">, Co-Owner and Founder of <\/span><a href=\"https:\/\/www.linkedin.com\/company\/altura-craft-coffee\/about\/\"><span style=\"font-weight: 400;\">Altura Craft Coffee<\/span><\/a><span style=\"font-weight: 400;\">.\u00a0<\/span><\/p>\n<p><a href=\"https:\/\/www.linkedin.com\/in\/pedro-turushina-21132b87\/\"><span style=\"font-weight: 400;\">Pedro Turushina<\/span><\/a><span style=\"font-weight: 400;\">, Vice President of Investor Relations &amp; Marketing for the <\/span><a href=\"https:\/\/hispanicchamberorlando.com\/\"><span style=\"font-weight: 400;\">Hispanic Chamber of Commerce of Metro Orlando<\/span><\/a><span style=\"font-weight: 400;\">.<\/span><\/p>\n<p><span style=\"font-weight: 400;\">Y el agente inmobiliario <\/span><a href=\"https:\/\/www.quirozrealestate.com\/\"><span style=\"font-weight: 400;\">Ozzie Quiroz<\/span><\/a><span style=\"font-weight: 400;\">, cliente y amigo desde hace mucho tiempo.<\/span><\/p>\n<p><span style=\"font-weight: 400;\">En BOLD, nos sentimos honrados y felices de estar entre los ganadores de este a\u00f1o. Desde el principio, nuestra fundadora y CEO, Ana Carolina Salazar, cre\u00f3 su estudio de marketing digital con el concepto de trabajar a distancia con un equipo global. Desde nuestros inicios, hemos trabajado para crear un ambiente en el que todos los que forman parte del equipo BOLD se apasionen por lo que hacen, sientan que su voz es escuchada y aspiren a crecer.<\/span><\/p>\n<p><span style=\"font-weight: 400;\">\u00a1La diversidad atrae a la diversidad! Somos un gran ejemplo de este concepto. Gracias a nuestra brillante mezcla de especialistas comprometidos, compuesta por personas con talento de diferentes or\u00edgenes y experiencias que aportan creatividad, profesionalidad y empat\u00eda a todo lo que hacemos.<\/span><\/p>\n<p><span style=\"font-weight: 400;\">Para Ana Carolina, la diversidad, la equidad y la inclusi\u00f3n son esenciales y est\u00e1n presentes en la empresa a diario. En sus propias palabras:<\/span><\/p>\n<p><span style=\"font-weight: 400;\">\u201cEn BOLD, celebramos la diversidad cada d\u00eda, honramos nuestras historias y acogemos nuestro talento con el coraz\u00f3n y la mente abierta. Nos comprometemos a crear un entorno inclusivo, todo ello mientras trabajamos a distancia. Nuestra cultura de pertenencia y la diversidad de nuestro equipo ayuda a inspirar soluciones creativas que impulsan nuestro \u00e9xito\u201d.<\/span><\/p>\n<p><span style=\"font-weight: 400;\">Algunas de nuestras iniciativas de DE&amp;I m\u00e1s exitosas.<\/span><\/p>\n<p><span style=\"font-weight: 400;\">Desde la creaci\u00f3n de BOLD, hemos implementado varios procesos y oportunidades nuevas para nuestros empleados, como:<\/span><\/p>\n<ul>\n<li style=\"font-weight: 400;\" aria-level=\"1\"><span style=\"font-weight: 400;\">Horarios de trabajo\/reuniones flexibles, ya que muchos de los miembros de nuestro equipo trabajan en diferentes zonas horarias.<\/span><\/li>\n<li style=\"font-weight: 400;\" aria-level=\"1\"><span style=\"font-weight: 400;\">Programas de trabajo y pr\u00e1cticas virtuales que nos permiten aprovechar los talentos m\u00e1s destacados y diversos, independientemente de su ubicaci\u00f3n.<\/span><\/li>\n<li style=\"font-weight: 400;\" aria-level=\"1\"><span style=\"font-weight: 400;\">Formaci\u00f3n y educaci\u00f3n continuas para garantizar las oportunidades de crecimiento.<\/span><\/li>\n<li style=\"font-weight: 400;\" aria-level=\"1\"><span style=\"font-weight: 400;\">Contrataci\u00f3n y promoci\u00f3n de mujeres y personas de color.<\/span><\/li>\n<li style=\"font-weight: 400;\" aria-level=\"1\"><span style=\"font-weight: 400;\">Creaci\u00f3n de un espacio seguro para que los empleados expresen sus preocupaciones y se les reconozcan sus logros.\u00a0<\/span><\/li>\n<li style=\"font-weight: 400;\" aria-level=\"1\"><span style=\"font-weight: 400;\">Desarrollamos un manual de cultura (similar a un manual del empleado), que presentamos al talento nuevo y a los actuales miembros del equipo para que reconozcan y acepten la cultura que seguimos como empresa.<\/span><\/li>\n<li style=\"font-weight: 400;\" aria-level=\"1\"><span style=\"font-weight: 400;\">Seguiremos comprometi\u00e9ndonos a trabajar por la diversidad y la inclusi\u00f3n cada d\u00eda, por lo que todos los miembros de nuestro equipo son una parte crucial del proceso creativo.\u00a0<\/span><\/li>\n<\/ul>\n<p>&nbsp;<\/p>\n<p><span style=\"font-weight: 400;\">En BOLD, todo el mundo cuenta. Todos formamos parte, y todos contribuimos por igual.<\/span><\/p>\n<p><span style=\"font-weight: 400;\">Como dir\u00eda Verna Myers &#8220;La diversidad es que te inviten a una fiesta; la inclusi\u00f3n es que te inviten a bailar; la equidad es acordarte de poner tu canci\u00f3n favorita, y la pertenencia es bailar como si estuvieras en casa&#8221;.<\/span>[\/vc_column_text][vlt_spacer height=&#8221;32px&#8221;][\/vc_column][\/vc_row][vc_row][vc_column][templatera id=&#8221;1546&#8243;][\/vc_column][\/vc_row]<\/p>\n","protected":false},"excerpt":{"rendered":"<p>[vc_row][vc_column][vc_column_text css=&#8221;.vc_custom_1655231541358{margin-bottom: 0px !important;}&#8221;]El Orlando Business Journal reconoce a BOLD como uno de los 14 ganadores de los 2022 Diversity in Business Awards. El [&hellip;]<\/p>\n","protected":false},"author":2,"featured_media":5555,"comment_status":"closed","ping_status":"closed","sticky":false,"template":"","format":"gallery","meta":{"_acf_changed":false,"footnotes":""},"categories":[7],"tags":[],"class_list":["post-5554","post","type-post","status-publish","format-gallery","has-post-thumbnail","hentry","category-bold","post_format-post-format-gallery"],"acf":{"choi\u0441e_menu_page":false,"full_width":false,"header_transparent":false,"header_white":false,"menu_type_page":"default","menu_align_page":"default"},"yoast_head":"<!-- This site is optimized with the Yoast SEO plugin v25.2 - https:\/\/yoast.com\/wordpress\/plugins\/seo\/ -->\n<title>BOLD RECIBE SU SEGUNDO RECONOCIMIENTO ESTE A\u00d1O - PREMIO A LA DIVERSIDAD EN LOS NEGOCIOS 2022 DEL ORLANDO BUSINESS JOURNAL - BOLD Hispanic Marketing Agency<\/title>\n<meta name=\"robots\" content=\"index, follow, max-snippet:-1, max-image-preview:large, max-video-preview:-1\" \/>\n<link rel=\"canonical\" href=\"https:\/\/boldhispanic.marketing\/newsite\/bold-recibe-su-segundo-reconocimiento-este-ano-premio-a-la-diversidad-en-los-negocios-2022-del-orlando-business-journal\/\" \/>\n<meta property=\"og:locale\" content=\"en_US\" \/>\n<meta property=\"og:type\" content=\"article\" \/>\n<meta property=\"og:title\" content=\"BOLD RECIBE SU SEGUNDO RECONOCIMIENTO ESTE A\u00d1O - PREMIO A LA DIVERSIDAD EN LOS NEGOCIOS 2022 DEL ORLANDO BUSINESS JOURNAL - BOLD Hispanic Marketing Agency\" \/>\n<meta property=\"og:description\" content=\"[vc_row][vc_column][vc_column_text css=&#8221;.vc_custom_1655231541358{margin-bottom: 0px !important;}&#8221;]El Orlando Business Journal reconoce a BOLD como uno de los 14 ganadores de los 2022 Diversity in Business Awards. El [&hellip;]\" \/>\n<meta property=\"og:url\" content=\"https:\/\/boldhispanic.marketing\/newsite\/bold-recibe-su-segundo-reconocimiento-este-ano-premio-a-la-diversidad-en-los-negocios-2022-del-orlando-business-journal\/\" \/>\n<meta property=\"og:site_name\" content=\"BOLD Hispanic Marketing Agency\" \/>\n<meta property=\"article:published_time\" content=\"2022-06-13T13:07:22+00:00\" \/>\n<meta property=\"article:modified_time\" content=\"2025-05-29T14:56:00+00:00\" \/>\n<meta name=\"author\" content=\"webmaster\" \/>\n<meta name=\"twitter:card\" content=\"summary_large_image\" \/>\n<meta name=\"twitter:label1\" content=\"Written by\" \/>\n\t<meta name=\"twitter:data1\" content=\"webmaster\" \/>\n\t<meta name=\"twitter:label2\" content=\"Est. reading time\" \/>\n\t<meta name=\"twitter:data2\" content=\"3 minutes\" \/>\n<script type=\"application\/ld+json\" class=\"yoast-schema-graph\">{\"@context\":\"https:\/\/schema.org\",\"@graph\":[{\"@type\":\"Article\",\"@id\":\"https:\/\/boldhispanic.marketing\/newsite\/bold-recibe-su-segundo-reconocimiento-este-ano-premio-a-la-diversidad-en-los-negocios-2022-del-orlando-business-journal\/#article\",\"isPartOf\":{\"@id\":\"https:\/\/boldhispanic.marketing\/newsite\/bold-recibe-su-segundo-reconocimiento-este-ano-premio-a-la-diversidad-en-los-negocios-2022-del-orlando-business-journal\/\"},\"author\":{\"name\":\"webmaster\",\"@id\":\"https:\/\/boldhispanic.marketing\/newsite\/#\/schema\/person\/dd986470602ade4b87fda2fc9277575a\"},\"headline\":\"BOLD RECIBE SU SEGUNDO RECONOCIMIENTO ESTE A\u00d1O &#8211; PREMIO A LA DIVERSIDAD EN LOS NEGOCIOS 2022 DEL ORLANDO BUSINESS JOURNAL\",\"datePublished\":\"2022-06-13T13:07:22+00:00\",\"dateModified\":\"2025-05-29T14:56:00+00:00\",\"mainEntityOfPage\":{\"@id\":\"https:\/\/boldhispanic.marketing\/newsite\/bold-recibe-su-segundo-reconocimiento-este-ano-premio-a-la-diversidad-en-los-negocios-2022-del-orlando-business-journal\/\"},\"wordCount\":695,\"publisher\":{\"@id\":\"https:\/\/boldhispanic.marketing\/newsite\/#organization\"},\"image\":{\"@id\":\"https:\/\/boldhispanic.marketing\/newsite\/bold-recibe-su-segundo-reconocimiento-este-ano-premio-a-la-diversidad-en-los-negocios-2022-del-orlando-business-journal\/#primaryimage\"},\"thumbnailUrl\":\"\",\"articleSection\":[\"Bold\"],\"inLanguage\":\"en-US\"},{\"@type\":\"WebPage\",\"@id\":\"https:\/\/boldhispanic.marketing\/newsite\/bold-recibe-su-segundo-reconocimiento-este-ano-premio-a-la-diversidad-en-los-negocios-2022-del-orlando-business-journal\/\",\"url\":\"https:\/\/boldhispanic.marketing\/newsite\/bold-recibe-su-segundo-reconocimiento-este-ano-premio-a-la-diversidad-en-los-negocios-2022-del-orlando-business-journal\/\",\"name\":\"BOLD RECIBE SU SEGUNDO RECONOCIMIENTO ESTE A\u00d1O - PREMIO A LA DIVERSIDAD EN LOS NEGOCIOS 2022 DEL ORLANDO BUSINESS JOURNAL - BOLD Hispanic Marketing Agency\",\"isPartOf\":{\"@id\":\"https:\/\/boldhispanic.marketing\/newsite\/#website\"},\"primaryImageOfPage\":{\"@id\":\"https:\/\/boldhispanic.marketing\/newsite\/bold-recibe-su-segundo-reconocimiento-este-ano-premio-a-la-diversidad-en-los-negocios-2022-del-orlando-business-journal\/#primaryimage\"},\"image\":{\"@id\":\"https:\/\/boldhispanic.marketing\/newsite\/bold-recibe-su-segundo-reconocimiento-este-ano-premio-a-la-diversidad-en-los-negocios-2022-del-orlando-business-journal\/#primaryimage\"},\"thumbnailUrl\":\"\",\"datePublished\":\"2022-06-13T13:07:22+00:00\",\"dateModified\":\"2025-05-29T14:56:00+00:00\",\"breadcrumb\":{\"@id\":\"https:\/\/boldhispanic.marketing\/newsite\/bold-recibe-su-segundo-reconocimiento-este-ano-premio-a-la-diversidad-en-los-negocios-2022-del-orlando-business-journal\/#breadcrumb\"},\"inLanguage\":\"en-US\",\"potentialAction\":[{\"@type\":\"ReadAction\",\"target\":[\"https:\/\/boldhispanic.marketing\/newsite\/bold-recibe-su-segundo-reconocimiento-este-ano-premio-a-la-diversidad-en-los-negocios-2022-del-orlando-business-journal\/\"]}]},{\"@type\":\"ImageObject\",\"inLanguage\":\"en-US\",\"@id\":\"https:\/\/boldhispanic.marketing\/newsite\/bold-recibe-su-segundo-reconocimiento-este-ano-premio-a-la-diversidad-en-los-negocios-2022-del-orlando-business-journal\/#primaryimage\",\"url\":\"\",\"contentUrl\":\"\"},{\"@type\":\"BreadcrumbList\",\"@id\":\"https:\/\/boldhispanic.marketing\/newsite\/bold-recibe-su-segundo-reconocimiento-este-ano-premio-a-la-diversidad-en-los-negocios-2022-del-orlando-business-journal\/#breadcrumb\",\"itemListElement\":[{\"@type\":\"ListItem\",\"position\":1,\"name\":\"Home\",\"item\":\"https:\/\/boldhispanic.marketing\/newsite\/\"},{\"@type\":\"ListItem\",\"position\":2,\"name\":\"BOLD RECIBE SU SEGUNDO RECONOCIMIENTO ESTE A\u00d1O &#8211; PREMIO A LA DIVERSIDAD EN LOS NEGOCIOS 2022 DEL ORLANDO BUSINESS JOURNAL\"}]},{\"@type\":\"WebSite\",\"@id\":\"https:\/\/boldhispanic.marketing\/newsite\/#website\",\"url\":\"https:\/\/boldhispanic.marketing\/newsite\/\",\"name\":\"BOLD Hispanic Marketing Agency\",\"description\":\"\",\"publisher\":{\"@id\":\"https:\/\/boldhispanic.marketing\/newsite\/#organization\"},\"potentialAction\":[{\"@type\":\"SearchAction\",\"target\":{\"@type\":\"EntryPoint\",\"urlTemplate\":\"https:\/\/boldhispanic.marketing\/newsite\/?s={search_term_string}\"},\"query-input\":{\"@type\":\"PropertyValueSpecification\",\"valueRequired\":true,\"valueName\":\"search_term_string\"}}],\"inLanguage\":\"en-US\"},{\"@type\":\"Organization\",\"@id\":\"https:\/\/boldhispanic.marketing\/newsite\/#organization\",\"name\":\"BOLD Hispanic Marketing Agency\",\"url\":\"https:\/\/boldhispanic.marketing\/newsite\/\",\"logo\":{\"@type\":\"ImageObject\",\"inLanguage\":\"en-US\",\"@id\":\"https:\/\/boldhispanic.marketing\/newsite\/#\/schema\/logo\/image\/\",\"url\":\"https:\/\/boldhispanic.marketing\/newsite\/wp-content\/uploads\/2024\/06\/cropped-BOLD-Digital-Hispanic-Marketing-Agency-ORIGINAL-COLORS.png\",\"contentUrl\":\"https:\/\/boldhispanic.marketing\/newsite\/wp-content\/uploads\/2024\/06\/cropped-BOLD-Digital-Hispanic-Marketing-Agency-ORIGINAL-COLORS.png\",\"width\":3054,\"height\":872,\"caption\":\"BOLD Hispanic Marketing Agency\"},\"image\":{\"@id\":\"https:\/\/boldhispanic.marketing\/newsite\/#\/schema\/logo\/image\/\"}},{\"@type\":\"Person\",\"@id\":\"https:\/\/boldhispanic.marketing\/newsite\/#\/schema\/person\/dd986470602ade4b87fda2fc9277575a\",\"name\":\"webmaster\",\"url\":\"https:\/\/boldhispanic.marketing\/newsite\/author\/webmaster\/\"}]}<\/script>\n<!-- \/ Yoast SEO plugin. -->","yoast_head_json":{"title":"BOLD RECIBE SU SEGUNDO RECONOCIMIENTO ESTE A\u00d1O - PREMIO A LA DIVERSIDAD EN LOS NEGOCIOS 2022 DEL ORLANDO BUSINESS JOURNAL - BOLD Hispanic Marketing Agency","robots":{"index":"index","follow":"follow","max-snippet":"max-snippet:-1","max-image-preview":"max-image-preview:large","max-video-preview":"max-video-preview:-1"},"canonical":"https:\/\/boldhispanic.marketing\/newsite\/bold-recibe-su-segundo-reconocimiento-este-ano-premio-a-la-diversidad-en-los-negocios-2022-del-orlando-business-journal\/","og_locale":"en_US","og_type":"article","og_title":"BOLD RECIBE SU SEGUNDO RECONOCIMIENTO ESTE A\u00d1O - PREMIO A LA DIVERSIDAD EN LOS NEGOCIOS 2022 DEL ORLANDO BUSINESS JOURNAL - BOLD Hispanic Marketing Agency","og_description":"[vc_row][vc_column][vc_column_text css=&#8221;.vc_custom_1655231541358{margin-bottom: 0px !important;}&#8221;]El Orlando Business Journal reconoce a BOLD como uno de los 14 ganadores de los 2022 Diversity in Business Awards. El [&hellip;]","og_url":"https:\/\/boldhispanic.marketing\/newsite\/bold-recibe-su-segundo-reconocimiento-este-ano-premio-a-la-diversidad-en-los-negocios-2022-del-orlando-business-journal\/","og_site_name":"BOLD Hispanic Marketing Agency","article_published_time":"2022-06-13T13:07:22+00:00","article_modified_time":"2025-05-29T14:56:00+00:00","author":"webmaster","twitter_card":"summary_large_image","twitter_misc":{"Written by":"webmaster","Est. reading time":"3 minutes"},"schema":{"@context":"https:\/\/schema.org","@graph":[{"@type":"Article","@id":"https:\/\/boldhispanic.marketing\/newsite\/bold-recibe-su-segundo-reconocimiento-este-ano-premio-a-la-diversidad-en-los-negocios-2022-del-orlando-business-journal\/#article","isPartOf":{"@id":"https:\/\/boldhispanic.marketing\/newsite\/bold-recibe-su-segundo-reconocimiento-este-ano-premio-a-la-diversidad-en-los-negocios-2022-del-orlando-business-journal\/"},"author":{"name":"webmaster","@id":"https:\/\/boldhispanic.marketing\/newsite\/#\/schema\/person\/dd986470602ade4b87fda2fc9277575a"},"headline":"BOLD RECIBE SU SEGUNDO RECONOCIMIENTO ESTE A\u00d1O &#8211; PREMIO A LA DIVERSIDAD EN LOS NEGOCIOS 2022 DEL ORLANDO BUSINESS JOURNAL","datePublished":"2022-06-13T13:07:22+00:00","dateModified":"2025-05-29T14:56:00+00:00","mainEntityOfPage":{"@id":"https:\/\/boldhispanic.marketing\/newsite\/bold-recibe-su-segundo-reconocimiento-este-ano-premio-a-la-diversidad-en-los-negocios-2022-del-orlando-business-journal\/"},"wordCount":695,"publisher":{"@id":"https:\/\/boldhispanic.marketing\/newsite\/#organization"},"image":{"@id":"https:\/\/boldhispanic.marketing\/newsite\/bold-recibe-su-segundo-reconocimiento-este-ano-premio-a-la-diversidad-en-los-negocios-2022-del-orlando-business-journal\/#primaryimage"},"thumbnailUrl":"","articleSection":["Bold"],"inLanguage":"en-US"},{"@type":"WebPage","@id":"https:\/\/boldhispanic.marketing\/newsite\/bold-recibe-su-segundo-reconocimiento-este-ano-premio-a-la-diversidad-en-los-negocios-2022-del-orlando-business-journal\/","url":"https:\/\/boldhispanic.marketing\/newsite\/bold-recibe-su-segundo-reconocimiento-este-ano-premio-a-la-diversidad-en-los-negocios-2022-del-orlando-business-journal\/","name":"BOLD RECIBE SU SEGUNDO RECONOCIMIENTO ESTE A\u00d1O - PREMIO A LA DIVERSIDAD EN LOS NEGOCIOS 2022 DEL ORLANDO BUSINESS JOURNAL - BOLD Hispanic Marketing Agency","isPartOf":{"@id":"https:\/\/boldhispanic.marketing\/newsite\/#website"},"primaryImageOfPage":{"@id":"https:\/\/boldhispanic.marketing\/newsite\/bold-recibe-su-segundo-reconocimiento-este-ano-premio-a-la-diversidad-en-los-negocios-2022-del-orlando-business-journal\/#primaryimage"},"image":{"@id":"https:\/\/boldhispanic.marketing\/newsite\/bold-recibe-su-segundo-reconocimiento-este-ano-premio-a-la-diversidad-en-los-negocios-2022-del-orlando-business-journal\/#primaryimage"},"thumbnailUrl":"","datePublished":"2022-06-13T13:07:22+00:00","dateModified":"2025-05-29T14:56:00+00:00","breadcrumb":{"@id":"https:\/\/boldhispanic.marketing\/newsite\/bold-recibe-su-segundo-reconocimiento-este-ano-premio-a-la-diversidad-en-los-negocios-2022-del-orlando-business-journal\/#breadcrumb"},"inLanguage":"en-US","potentialAction":[{"@type":"ReadAction","target":["https:\/\/boldhispanic.marketing\/newsite\/bold-recibe-su-segundo-reconocimiento-este-ano-premio-a-la-diversidad-en-los-negocios-2022-del-orlando-business-journal\/"]}]},{"@type":"ImageObject","inLanguage":"en-US","@id":"https:\/\/boldhispanic.marketing\/newsite\/bold-recibe-su-segundo-reconocimiento-este-ano-premio-a-la-diversidad-en-los-negocios-2022-del-orlando-business-journal\/#primaryimage","url":"","contentUrl":""},{"@type":"BreadcrumbList","@id":"https:\/\/boldhispanic.marketing\/newsite\/bold-recibe-su-segundo-reconocimiento-este-ano-premio-a-la-diversidad-en-los-negocios-2022-del-orlando-business-journal\/#breadcrumb","itemListElement":[{"@type":"ListItem","position":1,"name":"Home","item":"https:\/\/boldhispanic.marketing\/newsite\/"},{"@type":"ListItem","position":2,"name":"BOLD RECIBE SU SEGUNDO RECONOCIMIENTO ESTE A\u00d1O &#8211; PREMIO A LA DIVERSIDAD EN LOS NEGOCIOS 2022 DEL ORLANDO BUSINESS JOURNAL"}]},{"@type":"WebSite","@id":"https:\/\/boldhispanic.marketing\/newsite\/#website","url":"https:\/\/boldhispanic.marketing\/newsite\/","name":"BOLD Hispanic Marketing Agency","description":"","publisher":{"@id":"https:\/\/boldhispanic.marketing\/newsite\/#organization"},"potentialAction":[{"@type":"SearchAction","target":{"@type":"EntryPoint","urlTemplate":"https:\/\/boldhispanic.marketing\/newsite\/?s={search_term_string}"},"query-input":{"@type":"PropertyValueSpecification","valueRequired":true,"valueName":"search_term_string"}}],"inLanguage":"en-US"},{"@type":"Organization","@id":"https:\/\/boldhispanic.marketing\/newsite\/#organization","name":"BOLD Hispanic Marketing Agency","url":"https:\/\/boldhispanic.marketing\/newsite\/","logo":{"@type":"ImageObject","inLanguage":"en-US","@id":"https:\/\/boldhispanic.marketing\/newsite\/#\/schema\/logo\/image\/","url":"https:\/\/boldhispanic.marketing\/newsite\/wp-content\/uploads\/2024\/06\/cropped-BOLD-Digital-Hispanic-Marketing-Agency-ORIGINAL-COLORS.png","contentUrl":"https:\/\/boldhispanic.marketing\/newsite\/wp-content\/uploads\/2024\/06\/cropped-BOLD-Digital-Hispanic-Marketing-Agency-ORIGINAL-COLORS.png","width":3054,"height":872,"caption":"BOLD Hispanic Marketing Agency"},"image":{"@id":"https:\/\/boldhispanic.marketing\/newsite\/#\/schema\/logo\/image\/"}},{"@type":"Person","@id":"https:\/\/boldhispanic.marketing\/newsite\/#\/schema\/person\/dd986470602ade4b87fda2fc9277575a","name":"webmaster","url":"https:\/\/boldhispanic.marketing\/newsite\/author\/webmaster\/"}]}},"_links":{"self":[{"href":"https:\/\/boldhispanic.marketing\/newsite\/wp-json\/wp\/v2\/posts\/5554","targetHints":{"allow":["GET"]}}],"collection":[{"href":"https:\/\/boldhispanic.marketing\/newsite\/wp-json\/wp\/v2\/posts"}],"about":[{"href":"https:\/\/boldhispanic.marketing\/newsite\/wp-json\/wp\/v2\/types\/post"}],"author":[{"embeddable":true,"href":"https:\/\/boldhispanic.marketing\/newsite\/wp-json\/wp\/v2\/users\/2"}],"replies":[{"embeddable":true,"href":"https:\/\/boldhispanic.marketing\/newsite\/wp-json\/wp\/v2\/comments?post=5554"}],"version-history":[{"count":1,"href":"https:\/\/boldhispanic.marketing\/newsite\/wp-json\/wp\/v2\/posts\/5554\/revisions"}],"predecessor-version":[{"id":12272,"href":"https:\/\/boldhispanic.marketing\/newsite\/wp-json\/wp\/v2\/posts\/5554\/revisions\/12272"}],"wp:featuredmedia":[{"embeddable":true,"href":"https:\/\/boldhispanic.marketing\/newsite\/wp-json\/"}],"wp:attachment":[{"href":"https:\/\/boldhispanic.marketing\/newsite\/wp-json\/wp\/v2\/media?parent=5554"}],"wp:term":[{"taxonomy":"category","embeddable":true,"href":"https:\/\/boldhispanic.marketing\/newsite\/wp-json\/wp\/v2\/categories?post=5554"},{"taxonomy":"post_tag","embeddable":true,"href":"https:\/\/boldhispanic.marketing\/newsite\/wp-json\/wp\/v2\/tags?post=5554"}],"curies":[{"name":"wp","href":"https:\/\/api.w.org\/{rel}","templated":true}]}}