{"id":11096,"date":"2025-04-22T15:29:06","date_gmt":"2025-04-22T15:29:06","guid":{"rendered":"https:\/\/boldhispanic.marketing\/newsite\/?p=11096"},"modified":"2025-05-29T14:54:20","modified_gmt":"2025-05-29T14:54:20","slug":"repensando-la-conexion-en-un-mundo-saturado-de-ruido","status":"publish","type":"post","link":"https:\/\/boldhispanic.marketing\/newsite\/es\/repensando-la-conexion-en-un-mundo-saturado-de-ruido\/","title":{"rendered":"Repensando la conexi\u00f3n en un mundo saturado de ruido"},"content":{"rendered":"\n<p>Hoy el mundo despide una voz \u00fanica. El Papa Francisco falleci\u00f3&nbsp; a los 88 a\u00f1os y, m\u00e1s all\u00e1 del \u00e1mbito religioso, su legado como comunicador trasciende templos y fronteras.<\/p>\n\n\n\n<p>Probablemente no esperabas encontrarlo en un blog sobre marketing. Pero si hablamos de conexi\u00f3n humana, construcci\u00f3n de confianza y liderazgo con prop\u00f3sito,&nbsp; tal vez s\u00ed deber\u00edamos considerarlo.<\/p>\n\n\n\n<p>Porque Francisco no solo fue un l\u00edder espiritual. Fue tambi\u00e9n uno de los comunicadores m\u00e1s poderosos de nuestra era. Y para quienes trabajamos en <strong>marketing hispano<\/strong>, su forma de comunicar tiene algo que ense\u00f1arnos.<\/p>\n\n\n\n<p>\u00c9l no solo emiti\u00f3 mensajes, sino que conectaba y llegaba. No lo hizo con campa\u00f1as ruidosas ni discursos t\u00e9cnicos, sino con claridad, cercan\u00eda y un profundo respeto por la cultura.<\/p>\n\n\n\n<p>En BOLD, reconocemos en su forma de comunicarse algo profundamente alineado con lo que creemos: <strong>que las marcas deben hablar menos desde el guion y m\u00e1s desde el alma. <\/strong>Especialmente cuando se dirigen a audiencias hispanas.<\/p>\n\n\n\n<p>Entonces, \u00bfqu\u00e9 pasar\u00eda si tu marca hablara as\u00ed?<\/p>\n\n\n\n<p>Aqu\u00ed van <strong>8 lecciones del Papa Francisco<\/strong> para las marcas que quieren hacer m\u00e1s que vender: quieren <em>conectar<\/em>.<\/p>\n\n\n\n<p><strong>8 principios del Papa Francisco que pueden transformar tu estrategia en el mercado hispano<\/strong><\/p>\n\n\n\n<h3 class=\"wp-block-heading\">El Papa Francisco no era un gur\u00fa de marketing.<br>Y sin embargo, nos ense\u00f1\u00f3 m\u00e1s sobre branding, comunicaci\u00f3n y liderazgo que muchos expertos.<\/h3>\n\n\n\n<h3 class=\"wp-block-heading\">Con su estilo sencillo, su cercan\u00eda real y su compromiso profundo con los m\u00e1s vulnerables, se convirti\u00f3 en una de las figuras m\u00e1s queridas por la comunidad latina en todo el mundo.<\/h3>\n\n\n\n<h4 class=\"wp-block-heading\"><strong>1. Autenticidad radical<\/strong><\/h4>\n\n\n\n<p>El Papa Francisco no interpret\u00f3 un personaje. Vivi\u00f3 su mensaje.<br>Desde c\u00f3mo se transporta hasta c\u00f3mo se viste, su identidad comunica algo m\u00e1s poderoso que cualquier campa\u00f1a: <strong>coherencia.<\/strong><\/p>\n\n\n\n<p>En un mercado donde la comunidad hispana ya ha visto demasiadas marcas fingir inter\u00e9s, la autenticidad no es opcional: es la base de la confianza.<\/p>\n\n\n\n<h4 class=\"wp-block-heading\"><strong>2. Comunicaci\u00f3n clara, sin adornos<\/strong><\/h4>\n\n\n\n<p>No usaba palabras complejas ni discursos t\u00e9cnicos. Hablaba como un abuelo sabio: con ejemplos, met\u00e1foras y emoci\u00f3n. Y eso, en marketing, es oro puro.<\/p>\n\n\n\n<p>La claridad cultural tambi\u00e9n es cercan\u00eda emocional.<br>Si tu mensaje se siente lejano, fr\u00edo o forzado, la comunidad desconecta antes del segundo scroll.<\/p>\n\n\n\n<h4 class=\"wp-block-heading\"><strong>3. Reinvenci\u00f3n con ra\u00edz<\/strong><\/h4>\n\n\n\n<p>El Papa no cambi\u00f3 el mensaje central. Cambi\u00f3 la forma de llegar.<br>Hizo que una instituci\u00f3n de siglos vuelva a ser parte de la conversaci\u00f3n contempor\u00e1nea, sin perder su esencia.<\/p>\n\n\n\n<p>Eso es rebranding con alma. Y en el mercado hispano, donde la cultura se transmite por generaciones, las marcas necesitan saber <strong>c\u00f3mo evolucionar sin romper con lo que las hace cre\u00edbles.<\/strong><\/p>\n\n\n\n<h4 class=\"wp-block-heading\"><strong>4. Escucha activa (y con humildad)<\/strong><\/h4>\n\n\n\n<p>Francisco no solo hablaba. Escucha, y luego respond\u00eda desde ah\u00ed.<\/p>\n\n\n\n<p>Eso mismo deber\u00eda hacer cualquier marca que quiera entrar en una comunidad que ha sido hist\u00f3ricamente invisibilizada:<br>&#8211; escuchar antes de proponer.<br>&#8211; construir en vez de asumir.<\/p>\n\n\n\n<h4 class=\"wp-block-heading\"><strong>5. Proximidad que se siente, no se simula<\/strong><\/h4>\n\n\n\n<p>No daba discursos desde el pedestal. Bajaba, preguntaba, se sentaba al mismo nivel. Porque sabe que para guiar, primero hay que conectar.<\/p>\n\n\n\n<p>En marketing, la proximidad no se produce con creatividades bonitas.&nbsp; Se construye con intenciones reales y relaciones sostenidas.<br><strong>\u00bfTu marca est\u00e1 presente donde vive la comunidad? \u00bfO solo aparece en fechas clave?<\/strong><\/p>\n\n\n\n<h4 class=\"wp-block-heading\"><strong>6. Transparencia, incluso cuando incomoda<\/strong><\/h4>\n\n\n\n<p>Pidi\u00f3 perd\u00f3n, admiti\u00f3 errores y enfrent\u00f3 cr\u00edticas.<br>Y eso no lo debilit\u00f3: <strong>lo volvi\u00f3 m\u00e1s humano y, por lo tanto, m\u00e1s cre\u00edble.<\/strong><\/p>\n\n\n\n<p>Las marcas que buscan parecer perfectas pierden humanidad. Las que muestran sus l\u00edmites ganan respeto. Porque la comunidad hispana sabe reconocer cu\u00e1ndo alguien est\u00e1 siendo real\u2026 y cu\u00e1ndo no.<\/p>\n\n\n\n<h4 class=\"wp-block-heading\"><strong>7. Canales modernos, mensaje profundo<\/strong><\/h4>\n\n\n\n<p>El Papa estuvo en las redes sociales como Instagram y hasta en Netflix. Pero su mensaje era siempre el mismo.<\/p>\n\n\n\n<p>La lecci\u00f3n: <strong>no es el medio, es el alma del mensaje. <\/strong>Tu marca puede hablar en TikTok, en un takeover o en un comercial\u2026Lo importante es que diga algo que importe.<\/p>\n\n\n\n<h4 class=\"wp-block-heading\"><strong>8. El valor de decir lo necesario, aunque incomode<\/strong><\/h4>\n\n\n\n<p>Francisco no esquiv\u00f3 los temas dif\u00edciles: migraci\u00f3n, pobreza, injusticia. Hablaba con respeto, pero con firmeza.<\/p>\n\n\n\n<p>Y eso, en una comunidad como la hispana, que ha tenido que levantar la voz para ser vista, <strong>se valora enormemente. <\/strong>Tomar posici\u00f3n no aleja: construye.<br><\/p>\n\n\n\n<hr class=\"wp-block-separator has-alpha-channel-opacity\"\/>\n\n\n\n<h3 class=\"wp-block-heading\"><strong>\u00bfY si marketing tambi\u00e9n fuera tener el coraje de ser m\u00e1s humanos?<\/strong><\/h3>\n\n\n\n<p>La comunidad hispana en Estados Unidos es multigeneracional, diversa, poderosa. Y profundamente conectada con valores como la fe, la familia, el esfuerzo y la dignidad.<\/p>\n\n\n\n<p><strong>No necesita marcas que quieran \u201ccaptar\u201d su atenci\u00f3n. <\/strong>Necesita marcas que quieran formar parte de su historia.<\/p>\n\n\n\n<p>Y esa historia, como la del Papa, no se construye con promociones. Se construye con <strong>prop\u00f3sito, cultura y acci\u00f3n.<\/strong><\/p>\n\n\n\n<hr class=\"wp-block-separator has-alpha-channel-opacity\"\/>\n\n\n\n<h3 class=\"wp-block-heading\"><strong>\u00bfQuieres una marca que trascienda en el mercado hispano?<\/strong><\/h3>\n\n\n\n<p>Empieza por escuchar. Por representar. Por ser coherente.<\/p>\n\n\n\n<p><strong>En BOLD, te ayudamos a hacerlo con intenci\u00f3n.<\/strong><strong><br><\/strong> Porque el branding cultural no es una tendencia: es el futuro del marketing con impacto.<\/p>\n\n\n\n<h4 class=\"wp-block-heading\"><a href=\"https:\/\/boldhispanic.marketing\/es\/contact-us\/\">Dise\u00f1a tu pr\u00f3xima campa\u00f1a con prop\u00f3sito<\/a><\/h4>\n","protected":false},"excerpt":{"rendered":"<p>Hoy el mundo despide una voz \u00fanica. El Papa Francisco falleci\u00f3&nbsp; a los 88 a\u00f1os y, m\u00e1s all\u00e1 del \u00e1mbito religioso, su legado como [&hellip;]<\/p>\n","protected":false},"author":2,"featured_media":11097,"comment_status":"closed","ping_status":"closed","sticky":false,"template":"elementor_theme","format":"standard","meta":{"_acf_changed":false,"footnotes":""},"categories":[150],"tags":[],"class_list":["post-11096","post","type-post","status-publish","format-standard","has-post-thumbnail","hentry","category-bold-es"],"acf":[],"yoast_head":"<!-- This site is optimized with the Yoast SEO plugin v25.2 - https:\/\/yoast.com\/wordpress\/plugins\/seo\/ -->\n<title>Repensando la conexi\u00f3n en un mundo saturado de ruido - BOLD Hispanic Marketing Agency<\/title>\n<meta name=\"description\" content=\"Hoy el mundo despide una voz \u00fanica. El Papa Francisco falleci\u00f3\u00a0 a los 88 a\u00f1os y, m\u00e1s all\u00e1 del \u00e1mbito religioso, su legado como comunicador trasciende templos y fronteras.\" \/>\n<meta name=\"robots\" content=\"index, follow, max-snippet:-1, max-image-preview:large, max-video-preview:-1\" \/>\n<link rel=\"canonical\" href=\"https:\/\/boldhispanic.marketing\/newsite\/es\/repensando-la-conexion-en-un-mundo-saturado-de-ruido\/\" \/>\n<meta property=\"og:locale\" content=\"en_US\" \/>\n<meta property=\"og:type\" content=\"article\" \/>\n<meta property=\"og:title\" content=\"Repensando la conexi\u00f3n en un mundo saturado de ruido - BOLD Hispanic Marketing Agency\" \/>\n<meta property=\"og:description\" content=\"Today, the world says goodbye to a truly singular voice.Pope Francis passed away at the age of 88. Beyond the religious sphere, his legacy as a communicator transcends temples and borders.\" \/>\n<meta property=\"og:url\" content=\"https:\/\/boldhispanic.marketing\/newsite\/es\/repensando-la-conexion-en-un-mundo-saturado-de-ruido\/\" \/>\n<meta property=\"og:site_name\" content=\"BOLD Hispanic Marketing Agency\" \/>\n<meta property=\"article:published_time\" content=\"2025-04-22T15:29:06+00:00\" \/>\n<meta property=\"article:modified_time\" content=\"2025-05-29T14:54:20+00:00\" \/>\n<meta property=\"og:image\" content=\"https:\/\/boldhispanic.marketing\/newsite\/wp-content\/uploads\/2025\/04\/BLOG-BOLD-6.png\" \/>\n\t<meta property=\"og:image:width\" content=\"1600\" \/>\n\t<meta property=\"og:image:height\" content=\"900\" \/>\n\t<meta property=\"og:image:type\" content=\"image\/png\" \/>\n<meta name=\"author\" content=\"webmaster\" \/>\n<meta name=\"twitter:card\" content=\"summary_large_image\" \/>\n<meta name=\"twitter:label1\" content=\"Written by\" \/>\n\t<meta name=\"twitter:data1\" content=\"webmaster\" \/>\n\t<meta name=\"twitter:label2\" content=\"Est. reading time\" \/>\n\t<meta name=\"twitter:data2\" content=\"4 minutes\" \/>\n<script type=\"application\/ld+json\" class=\"yoast-schema-graph\">{\"@context\":\"https:\/\/schema.org\",\"@graph\":[{\"@type\":\"Article\",\"@id\":\"https:\/\/boldhispanic.marketing\/newsite\/es\/repensando-la-conexion-en-un-mundo-saturado-de-ruido\/#article\",\"isPartOf\":{\"@id\":\"https:\/\/boldhispanic.marketing\/newsite\/es\/repensando-la-conexion-en-un-mundo-saturado-de-ruido\/\"},\"author\":{\"name\":\"webmaster\",\"@id\":\"https:\/\/boldhispanic.marketing\/newsite\/#\/schema\/person\/dd986470602ade4b87fda2fc9277575a\"},\"headline\":\"Repensando la conexi\u00f3n en un mundo saturado de ruido\",\"datePublished\":\"2025-04-22T15:29:06+00:00\",\"dateModified\":\"2025-05-29T14:54:20+00:00\",\"mainEntityOfPage\":{\"@id\":\"https:\/\/boldhispanic.marketing\/newsite\/es\/repensando-la-conexion-en-un-mundo-saturado-de-ruido\/\"},\"wordCount\":879,\"publisher\":{\"@id\":\"https:\/\/boldhispanic.marketing\/newsite\/#organization\"},\"image\":{\"@id\":\"https:\/\/boldhispanic.marketing\/newsite\/es\/repensando-la-conexion-en-un-mundo-saturado-de-ruido\/#primaryimage\"},\"thumbnailUrl\":\"https:\/\/boldhispanic.marketing\/newsite\/wp-content\/uploads\/2025\/04\/BLOG-BOLD-6.png\",\"articleSection\":[\"Bold\"],\"inLanguage\":\"en-US\"},{\"@type\":\"WebPage\",\"@id\":\"https:\/\/boldhispanic.marketing\/newsite\/es\/repensando-la-conexion-en-un-mundo-saturado-de-ruido\/\",\"url\":\"https:\/\/boldhispanic.marketing\/newsite\/es\/repensando-la-conexion-en-un-mundo-saturado-de-ruido\/\",\"name\":\"Repensando la conexi\u00f3n en un mundo saturado de ruido - BOLD Hispanic Marketing Agency\",\"isPartOf\":{\"@id\":\"https:\/\/boldhispanic.marketing\/newsite\/#website\"},\"primaryImageOfPage\":{\"@id\":\"https:\/\/boldhispanic.marketing\/newsite\/es\/repensando-la-conexion-en-un-mundo-saturado-de-ruido\/#primaryimage\"},\"image\":{\"@id\":\"https:\/\/boldhispanic.marketing\/newsite\/es\/repensando-la-conexion-en-un-mundo-saturado-de-ruido\/#primaryimage\"},\"thumbnailUrl\":\"https:\/\/boldhispanic.marketing\/newsite\/wp-content\/uploads\/2025\/04\/BLOG-BOLD-6.png\",\"datePublished\":\"2025-04-22T15:29:06+00:00\",\"dateModified\":\"2025-05-29T14:54:20+00:00\",\"description\":\"Hoy el mundo despide una voz \u00fanica. El Papa Francisco falleci\u00f3\u00a0 a los 88 a\u00f1os y, m\u00e1s all\u00e1 del \u00e1mbito religioso, su legado como comunicador trasciende templos y fronteras.\",\"breadcrumb\":{\"@id\":\"https:\/\/boldhispanic.marketing\/newsite\/es\/repensando-la-conexion-en-un-mundo-saturado-de-ruido\/#breadcrumb\"},\"inLanguage\":\"en-US\",\"potentialAction\":[{\"@type\":\"ReadAction\",\"target\":[\"https:\/\/boldhispanic.marketing\/newsite\/es\/repensando-la-conexion-en-un-mundo-saturado-de-ruido\/\"]}]},{\"@type\":\"ImageObject\",\"inLanguage\":\"en-US\",\"@id\":\"https:\/\/boldhispanic.marketing\/newsite\/es\/repensando-la-conexion-en-un-mundo-saturado-de-ruido\/#primaryimage\",\"url\":\"https:\/\/boldhispanic.marketing\/newsite\/wp-content\/uploads\/2025\/04\/BLOG-BOLD-6.png\",\"contentUrl\":\"https:\/\/boldhispanic.marketing\/newsite\/wp-content\/uploads\/2025\/04\/BLOG-BOLD-6.png\",\"width\":1600,\"height\":900},{\"@type\":\"BreadcrumbList\",\"@id\":\"https:\/\/boldhispanic.marketing\/newsite\/es\/repensando-la-conexion-en-un-mundo-saturado-de-ruido\/#breadcrumb\",\"itemListElement\":[{\"@type\":\"ListItem\",\"position\":1,\"name\":\"Home\",\"item\":\"https:\/\/boldhispanic.marketing\/newsite\/\"},{\"@type\":\"ListItem\",\"position\":2,\"name\":\"Repensando la conexi\u00f3n en un mundo saturado de ruido\"}]},{\"@type\":\"WebSite\",\"@id\":\"https:\/\/boldhispanic.marketing\/newsite\/#website\",\"url\":\"https:\/\/boldhispanic.marketing\/newsite\/\",\"name\":\"BOLD Hispanic Marketing Agency\",\"description\":\"\",\"publisher\":{\"@id\":\"https:\/\/boldhispanic.marketing\/newsite\/#organization\"},\"potentialAction\":[{\"@type\":\"SearchAction\",\"target\":{\"@type\":\"EntryPoint\",\"urlTemplate\":\"https:\/\/boldhispanic.marketing\/newsite\/?s={search_term_string}\"},\"query-input\":{\"@type\":\"PropertyValueSpecification\",\"valueRequired\":true,\"valueName\":\"search_term_string\"}}],\"inLanguage\":\"en-US\"},{\"@type\":\"Organization\",\"@id\":\"https:\/\/boldhispanic.marketing\/newsite\/#organization\",\"name\":\"BOLD Hispanic Marketing Agency\",\"url\":\"https:\/\/boldhispanic.marketing\/newsite\/\",\"logo\":{\"@type\":\"ImageObject\",\"inLanguage\":\"en-US\",\"@id\":\"https:\/\/boldhispanic.marketing\/newsite\/#\/schema\/logo\/image\/\",\"url\":\"https:\/\/boldhispanic.marketing\/newsite\/wp-content\/uploads\/2024\/06\/cropped-BOLD-Digital-Hispanic-Marketing-Agency-ORIGINAL-COLORS.png\",\"contentUrl\":\"https:\/\/boldhispanic.marketing\/newsite\/wp-content\/uploads\/2024\/06\/cropped-BOLD-Digital-Hispanic-Marketing-Agency-ORIGINAL-COLORS.png\",\"width\":3054,\"height\":872,\"caption\":\"BOLD Hispanic Marketing Agency\"},\"image\":{\"@id\":\"https:\/\/boldhispanic.marketing\/newsite\/#\/schema\/logo\/image\/\"}},{\"@type\":\"Person\",\"@id\":\"https:\/\/boldhispanic.marketing\/newsite\/#\/schema\/person\/dd986470602ade4b87fda2fc9277575a\",\"name\":\"webmaster\",\"url\":\"https:\/\/boldhispanic.marketing\/newsite\/author\/webmaster\/\"}]}<\/script>\n<!-- \/ Yoast SEO plugin. -->","yoast_head_json":{"title":"Repensando la conexi\u00f3n en un mundo saturado de ruido - BOLD Hispanic Marketing Agency","description":"Hoy el mundo despide una voz \u00fanica. El Papa Francisco falleci\u00f3\u00a0 a los 88 a\u00f1os y, m\u00e1s all\u00e1 del \u00e1mbito religioso, su legado como comunicador trasciende templos y fronteras.","robots":{"index":"index","follow":"follow","max-snippet":"max-snippet:-1","max-image-preview":"max-image-preview:large","max-video-preview":"max-video-preview:-1"},"canonical":"https:\/\/boldhispanic.marketing\/newsite\/es\/repensando-la-conexion-en-un-mundo-saturado-de-ruido\/","og_locale":"en_US","og_type":"article","og_title":"Repensando la conexi\u00f3n en un mundo saturado de ruido - BOLD Hispanic Marketing Agency","og_description":"Today, the world says goodbye to a truly singular voice.Pope Francis passed away at the age of 88. Beyond the religious sphere, his legacy as a communicator transcends temples and borders.","og_url":"https:\/\/boldhispanic.marketing\/newsite\/es\/repensando-la-conexion-en-un-mundo-saturado-de-ruido\/","og_site_name":"BOLD Hispanic Marketing Agency","article_published_time":"2025-04-22T15:29:06+00:00","article_modified_time":"2025-05-29T14:54:20+00:00","og_image":[{"width":1600,"height":900,"url":"https:\/\/boldhispanic.marketing\/newsite\/wp-content\/uploads\/2025\/04\/BLOG-BOLD-6.png","type":"image\/png"}],"author":"webmaster","twitter_card":"summary_large_image","twitter_misc":{"Written by":"webmaster","Est. reading time":"4 minutes"},"schema":{"@context":"https:\/\/schema.org","@graph":[{"@type":"Article","@id":"https:\/\/boldhispanic.marketing\/newsite\/es\/repensando-la-conexion-en-un-mundo-saturado-de-ruido\/#article","isPartOf":{"@id":"https:\/\/boldhispanic.marketing\/newsite\/es\/repensando-la-conexion-en-un-mundo-saturado-de-ruido\/"},"author":{"name":"webmaster","@id":"https:\/\/boldhispanic.marketing\/newsite\/#\/schema\/person\/dd986470602ade4b87fda2fc9277575a"},"headline":"Repensando la conexi\u00f3n en un mundo saturado de ruido","datePublished":"2025-04-22T15:29:06+00:00","dateModified":"2025-05-29T14:54:20+00:00","mainEntityOfPage":{"@id":"https:\/\/boldhispanic.marketing\/newsite\/es\/repensando-la-conexion-en-un-mundo-saturado-de-ruido\/"},"wordCount":879,"publisher":{"@id":"https:\/\/boldhispanic.marketing\/newsite\/#organization"},"image":{"@id":"https:\/\/boldhispanic.marketing\/newsite\/es\/repensando-la-conexion-en-un-mundo-saturado-de-ruido\/#primaryimage"},"thumbnailUrl":"https:\/\/boldhispanic.marketing\/newsite\/wp-content\/uploads\/2025\/04\/BLOG-BOLD-6.png","articleSection":["Bold"],"inLanguage":"en-US"},{"@type":"WebPage","@id":"https:\/\/boldhispanic.marketing\/newsite\/es\/repensando-la-conexion-en-un-mundo-saturado-de-ruido\/","url":"https:\/\/boldhispanic.marketing\/newsite\/es\/repensando-la-conexion-en-un-mundo-saturado-de-ruido\/","name":"Repensando la conexi\u00f3n en un mundo saturado de ruido - BOLD Hispanic Marketing Agency","isPartOf":{"@id":"https:\/\/boldhispanic.marketing\/newsite\/#website"},"primaryImageOfPage":{"@id":"https:\/\/boldhispanic.marketing\/newsite\/es\/repensando-la-conexion-en-un-mundo-saturado-de-ruido\/#primaryimage"},"image":{"@id":"https:\/\/boldhispanic.marketing\/newsite\/es\/repensando-la-conexion-en-un-mundo-saturado-de-ruido\/#primaryimage"},"thumbnailUrl":"https:\/\/boldhispanic.marketing\/newsite\/wp-content\/uploads\/2025\/04\/BLOG-BOLD-6.png","datePublished":"2025-04-22T15:29:06+00:00","dateModified":"2025-05-29T14:54:20+00:00","description":"Hoy el mundo despide una voz \u00fanica. El Papa Francisco falleci\u00f3\u00a0 a los 88 a\u00f1os y, m\u00e1s all\u00e1 del \u00e1mbito religioso, su legado como comunicador trasciende templos y fronteras.","breadcrumb":{"@id":"https:\/\/boldhispanic.marketing\/newsite\/es\/repensando-la-conexion-en-un-mundo-saturado-de-ruido\/#breadcrumb"},"inLanguage":"en-US","potentialAction":[{"@type":"ReadAction","target":["https:\/\/boldhispanic.marketing\/newsite\/es\/repensando-la-conexion-en-un-mundo-saturado-de-ruido\/"]}]},{"@type":"ImageObject","inLanguage":"en-US","@id":"https:\/\/boldhispanic.marketing\/newsite\/es\/repensando-la-conexion-en-un-mundo-saturado-de-ruido\/#primaryimage","url":"https:\/\/boldhispanic.marketing\/newsite\/wp-content\/uploads\/2025\/04\/BLOG-BOLD-6.png","contentUrl":"https:\/\/boldhispanic.marketing\/newsite\/wp-content\/uploads\/2025\/04\/BLOG-BOLD-6.png","width":1600,"height":900},{"@type":"BreadcrumbList","@id":"https:\/\/boldhispanic.marketing\/newsite\/es\/repensando-la-conexion-en-un-mundo-saturado-de-ruido\/#breadcrumb","itemListElement":[{"@type":"ListItem","position":1,"name":"Home","item":"https:\/\/boldhispanic.marketing\/newsite\/"},{"@type":"ListItem","position":2,"name":"Repensando la conexi\u00f3n en un mundo saturado de ruido"}]},{"@type":"WebSite","@id":"https:\/\/boldhispanic.marketing\/newsite\/#website","url":"https:\/\/boldhispanic.marketing\/newsite\/","name":"BOLD Hispanic Marketing Agency","description":"","publisher":{"@id":"https:\/\/boldhispanic.marketing\/newsite\/#organization"},"potentialAction":[{"@type":"SearchAction","target":{"@type":"EntryPoint","urlTemplate":"https:\/\/boldhispanic.marketing\/newsite\/?s={search_term_string}"},"query-input":{"@type":"PropertyValueSpecification","valueRequired":true,"valueName":"search_term_string"}}],"inLanguage":"en-US"},{"@type":"Organization","@id":"https:\/\/boldhispanic.marketing\/newsite\/#organization","name":"BOLD Hispanic Marketing Agency","url":"https:\/\/boldhispanic.marketing\/newsite\/","logo":{"@type":"ImageObject","inLanguage":"en-US","@id":"https:\/\/boldhispanic.marketing\/newsite\/#\/schema\/logo\/image\/","url":"https:\/\/boldhispanic.marketing\/newsite\/wp-content\/uploads\/2024\/06\/cropped-BOLD-Digital-Hispanic-Marketing-Agency-ORIGINAL-COLORS.png","contentUrl":"https:\/\/boldhispanic.marketing\/newsite\/wp-content\/uploads\/2024\/06\/cropped-BOLD-Digital-Hispanic-Marketing-Agency-ORIGINAL-COLORS.png","width":3054,"height":872,"caption":"BOLD Hispanic Marketing Agency"},"image":{"@id":"https:\/\/boldhispanic.marketing\/newsite\/#\/schema\/logo\/image\/"}},{"@type":"Person","@id":"https:\/\/boldhispanic.marketing\/newsite\/#\/schema\/person\/dd986470602ade4b87fda2fc9277575a","name":"webmaster","url":"https:\/\/boldhispanic.marketing\/newsite\/author\/webmaster\/"}]}},"_links":{"self":[{"href":"https:\/\/boldhispanic.marketing\/newsite\/wp-json\/wp\/v2\/posts\/11096","targetHints":{"allow":["GET"]}}],"collection":[{"href":"https:\/\/boldhispanic.marketing\/newsite\/wp-json\/wp\/v2\/posts"}],"about":[{"href":"https:\/\/boldhispanic.marketing\/newsite\/wp-json\/wp\/v2\/types\/post"}],"author":[{"embeddable":true,"href":"https:\/\/boldhispanic.marketing\/newsite\/wp-json\/wp\/v2\/users\/2"}],"replies":[{"embeddable":true,"href":"https:\/\/boldhispanic.marketing\/newsite\/wp-json\/wp\/v2\/comments?post=11096"}],"version-history":[{"count":1,"href":"https:\/\/boldhispanic.marketing\/newsite\/wp-json\/wp\/v2\/posts\/11096\/revisions"}],"predecessor-version":[{"id":11098,"href":"https:\/\/boldhispanic.marketing\/newsite\/wp-json\/wp\/v2\/posts\/11096\/revisions\/11098"}],"wp:featuredmedia":[{"embeddable":true,"href":"https:\/\/boldhispanic.marketing\/newsite\/wp-json\/wp\/v2\/media\/11097"}],"wp:attachment":[{"href":"https:\/\/boldhispanic.marketing\/newsite\/wp-json\/wp\/v2\/media?parent=11096"}],"wp:term":[{"taxonomy":"category","embeddable":true,"href":"https:\/\/boldhispanic.marketing\/newsite\/wp-json\/wp\/v2\/categories?post=11096"},{"taxonomy":"post_tag","embeddable":true,"href":"https:\/\/boldhispanic.marketing\/newsite\/wp-json\/wp\/v2\/tags?post=11096"}],"curies":[{"name":"wp","href":"https:\/\/api.w.org\/{rel}","templated":true}]}}